{"id":293,"date":"2012-07-16T06:49:33","date_gmt":"2012-07-16T04:49:33","guid":{"rendered":"http:\/\/www.lisaneun.com\/l9log\/?p=293"},"modified":"2012-07-16T06:49:33","modified_gmt":"2012-07-16T04:49:33","slug":"was-ich-uberhaupt-nicht-kann-its-comic-collab-time","status":"publish","type":"post","link":"https:\/\/www.lisaneun.com\/l9log\/2012\/07\/16\/was-ich-uberhaupt-nicht-kann-its-comic-collab-time\/","title":{"rendered":"Was ich \u00fcberhaupt nicht kann &#8211; It&#8217;s Comic Collab time"},"content":{"rendered":"<p><a href=\"http:\/\/www.lisaneun.com\/l9log\/wp-content\/uploads\/2012\/07\/motorik2.gif\"><img loading=\"lazy\" decoding=\"async\" class=\"size-full wp-image-302 alignnone\" title=\"gest\u00f6rte Motorik\" src=\"http:\/\/www.lisaneun.com\/l9log\/wp-content\/uploads\/2012\/07\/motorik2.gif\" alt=\"Ballettt\u00e4nzer Jongleur Gabestaplerfahrer, Chirurg, Defizite in der Motorik, f\u00e4llt alles flach, Ich bin v\u00f6llig ungeschickt, patschert, was ich \u00fcberhaupt nicht kann, Nimmst du mir ein Bier mit, bitte\" width=\"600\" height=\"1035\" \/><\/a><\/p>\n<p>&nbsp;<\/p>\n<p>Kollaboranten (wird permanent aktualisiert):<a href=\"http:\/\/hillerkiller.com\/blog\/?p=219\" target=\"blank\"><strong><br \/>\n<\/strong><\/a><a href=\"http:\/\/www.spinken.net\/wordpress\/2012\/07\/16\/comic-collab-10-was-konnt-ihr-uberhaupt-nicht\/\">Jeff Chi der Musikant<\/a><a href=\"http:\/\/hillerkiller.com\/blog\/?p=219\" target=\"blank\"><br \/>\nHillerkiller &#8211; Super-whatever<\/a><br \/>\n<a href=\"http:\/\/petesdailywebcomic.blogspot.de\/2012\/07\/comic-collab-10-das-kann-ich-uberhaupt.html\" target=\"blank\">Pete\u2019s Daily ist voll satt<\/a><br \/>\n<a href=\"http:\/\/www.shortkasten.de\/comiccollab10\">Steffen und der fr\u00fche Morgen<br \/>\n<\/a><a href=\"http:\/\/www.flausen.net\/2012\/07\/15\/werkeln\/\">Ulf und die Axt<br \/>\n<\/a><a href=\"http:\/\/schlogger.de\/wordpress\/?p=2244\">Schlogger r\u00fclpst<\/a><a href=\"http:\/\/koffeinschock.blogspot.de\/2012\/07\/comic-collab-10.html\" target=\"_blank\"><br \/>\nTrotz Koffeinschock Terminprobleme<\/a><br \/>\n<a href=\"http:\/\/blog.1990kb.de\/2012\/07\/16\/comic-collab-10-was-ich-uberhaupt-nicht-kann\/\">Guitarstar Nero<\/a><br \/>\n<a href=\"http:\/\/skizzenblog.clausast.de\/2012\/07\/was-ich-ueberhaupt-nicht-kann.html\">Claus Ast &#8211; ganz ausf\u00fchrlich<\/a><br \/>\n<a href=\"http:\/\/illustrie.com\/comics\/das-kann-ich-gar-nicht-comic-collab\/\">Stew &amp; Timo &#8211; 1000 <del>gr\u00fcne<\/del> braune Daumen<\/a><br \/>\n<a href=\"http:\/\/olgfversum.blogspot.ch\/2012\/07\/comic-collab-105-das-kann-ich-uberhaupt.html\" target=\"_blank\">Olgf &#8211; nicht musikalisch<\/a><br \/>\n<a href=\"http:\/\/rainking.jesusfreaks-bremen.de\/2012\/07\/16\/16-07-2012-das-kann-ich-uberhaupt-nicht-comic-collab\/\" target=\"_blank\">Rainking hat kein Eulenloch<\/a><a href=\"http:\/\/meinlebenalsneanderthaler.wordpress.com\/2012\/07\/16\/comic-collab-das-kann-ich-uberhaupt-nicht\/\" target=\"_blank\"><br \/>\nSascha Meister der H\u00f6hlenmalerei mit Selbstzweifeln<\/a><a href=\"http:\/\/www.isla-volante.ch\/comic-collab-10\/\" target=\"_blank\"><br \/>\nIsla Volante experimentiert mit Sprechblasen<\/a><a href=\"http:\/\/nichts-halbes-und-nichts-ganzes.blogspot.de\/2012\/07\/comic-collab-10-das-kann-ich-uberhaupt.html\" target=\"_blank\"><br \/>\nJARo0 hat ein Sauriergen<\/a><a href=\"http:\/\/wolkenkuckuck.blogspot.de\/2012\/07\/comic-collab-10.html\" target=\"_blank\"><br \/>\nWolkenkuckuck und die Nadeln<\/a><br \/>\n<a href=\"http:\/\/www.lapinot.de\/index.php?item=1007\">Lapinot der Spieleentwickler der nicht spielen kann<\/a><\/p>\n","protected":false},"excerpt":{"rendered":"<p>&nbsp; Kollaboranten (wird permanent aktualisiert): Jeff Chi der Musikant Hillerkiller &#8211; Super-whatever Pete\u2019s Daily ist voll satt Steffen und der fr\u00fche Morgen Ulf und die Axt Schlogger r\u00fclpst Trotz Koffeinschock Terminprobleme Guitarstar Nero Claus Ast &#8211; ganz ausf\u00fchrlich Stew &amp; &hellip; <a href=\"https:\/\/www.lisaneun.com\/l9log\/2012\/07\/16\/was-ich-uberhaupt-nicht-kann-its-comic-collab-time\/\">Weiterlesen <span class=\"meta-nav\">&rarr;<\/span><\/a><\/p>\n","protected":false},"author":1,"featured_media":0,"comment_status":"open","ping_status":"open","sticky":false,"template":"","format":"standard","meta":{"footnotes":""},"categories":[4,6],"tags":[],"class_list":["post-293","post","type-post","status-publish","format-standard","hentry","category-comic-collab","category-dumme-misgeschicke"],"_links":{"self":[{"href":"https:\/\/www.lisaneun.com\/l9log\/wp-json\/wp\/v2\/posts\/293","targetHints":{"allow":["GET"]}}],"collection":[{"href":"https:\/\/www.lisaneun.com\/l9log\/wp-json\/wp\/v2\/posts"}],"about":[{"href":"https:\/\/www.lisaneun.com\/l9log\/wp-json\/wp\/v2\/types\/post"}],"author":[{"embeddable":true,"href":"https:\/\/www.lisaneun.com\/l9log\/wp-json\/wp\/v2\/users\/1"}],"replies":[{"embeddable":true,"href":"https:\/\/www.lisaneun.com\/l9log\/wp-json\/wp\/v2\/comments?post=293"}],"version-history":[{"count":0,"href":"https:\/\/www.lisaneun.com\/l9log\/wp-json\/wp\/v2\/posts\/293\/revisions"}],"wp:attachment":[{"href":"https:\/\/www.lisaneun.com\/l9log\/wp-json\/wp\/v2\/media?parent=293"}],"wp:term":[{"taxonomy":"category","embeddable":true,"href":"https:\/\/www.lisaneun.com\/l9log\/wp-json\/wp\/v2\/categories?post=293"},{"taxonomy":"post_tag","embeddable":true,"href":"https:\/\/www.lisaneun.com\/l9log\/wp-json\/wp\/v2\/tags?post=293"}],"curies":[{"name":"wp","href":"https:\/\/api.w.org\/{rel}","templated":true}]}}